{"id":1100,"date":"2020-04-25T11:59:40","date_gmt":"2020-04-25T11:59:40","guid":{"rendered":"https:\/\/www.flightradarx.com\/?p=1100"},"modified":"2020-07-06T22:04:59","modified_gmt":"2020-07-06T22:04:59","slug":"coronavirus-flugreisen","status":"publish","type":"post","link":"https:\/\/www.flightradarx.com\/de\/coronavirus-flugreisen\/","title":{"rendered":"Coronavirus &#038; Reisen: Ab wann kann man wieder fliegen?"},"content":{"rendered":"<div class=\"vjmdd69f40c999f404\" ><!-- FlightradarX_Banner -->\n<ins class=\"adsbygoogle\"\n     style=\"display:block\"\n     data-ad-client=\"ca-pub-3990851190258371\"\n     data-ad-slot=\"6169152562\"\n     data-ad-format=\"auto\"\n     data-full-width-responsive=\"true\"><\/ins>\n<script>\n     (adsbygoogle = window.adsbygoogle || []).push({});\n<\/script><\/div><style type=\"text\/css\">\r\n@media screen and (min-width: 1201px) {\r\n.vjmdd69f40c999f404 {\r\ndisplay: block;\r\n}\r\n}\r\n@media screen and (min-width: 993px) and (max-width: 1200px) {\r\n.vjmdd69f40c999f404 {\r\ndisplay: block;\r\n}\r\n}\r\n@media screen and (min-width: 769px) and (max-width: 992px) {\r\n.vjmdd69f40c999f404 {\r\ndisplay: block;\r\n}\r\n}\r\n@media screen and (min-width: 768px) and (max-width: 768px) {\r\n.vjmdd69f40c999f404 {\r\ndisplay: block;\r\n}\r\n}\r\n@media screen and (max-width: 767px) {\r\n.vjmdd69f40c999f404 {\r\ndisplay: block;\r\n}\r\n}\r\n<\/style>\r\n<section class=\"wpb-content-wrapper\"><p>[vc_row][vc_column][vc_column_text]Soll ich meinen Urlaub aufgrund der andauernden Coronavirus Krise stornieren? Wann ist es wieder m\u00f6glich innerhalb von Europa oder in die USA zu fliegen? Wird es diesen Sommer \u00fcberhaupt m\u00f6glich sein, in den Urlaub zu fliegen?\u00a0Und macht es aktuell Sinn, einen Flug zu buchen? Hier findest du alle Antworten auf deine Fragen.<\/p>\n<p>[\/vc_column_text][vc_column_text]<\/p><div class=\"pblka69f40c999f426\" ><!-- FlightradarX_Banner -->\n<ins class=\"adsbygoogle\"\n     style=\"display:block\"\n     data-ad-client=\"ca-pub-3990851190258371\"\n     data-ad-slot=\"6169152562\"\n     data-ad-format=\"auto\"\n     data-full-width-responsive=\"true\"><\/ins>\n<script>\n     (adsbygoogle = window.adsbygoogle || []).push({});\n<\/script><\/div><style type=\"text\/css\">\r\n@media screen and (min-width: 1201px) {\r\n.pblka69f40c999f426 {\r\ndisplay: block;\r\n}\r\n}\r\n@media screen and (min-width: 993px) and (max-width: 1200px) {\r\n.pblka69f40c999f426 {\r\ndisplay: block;\r\n}\r\n}\r\n@media screen and (min-width: 769px) and (max-width: 992px) {\r\n.pblka69f40c999f426 {\r\ndisplay: block;\r\n}\r\n}\r\n@media screen and (min-width: 768px) and (max-width: 768px) {\r\n.pblka69f40c999f426 {\r\ndisplay: block;\r\n}\r\n}\r\n@media screen and (max-width: 767px) {\r\n.pblka69f40c999f426 {\r\ndisplay: block;\r\n}\r\n}\r\n<\/style>\r\n\n<h2>COVID-19: Was Urlauber beachten sollten<\/h2>\n<p>Weltweite Reisewarnungen, Einreiseverbote und Beschr\u00e4nkungen aufgrund der Corona-Krise machen das uneingeschr\u00e4nkte Reisen aktuell so gut wie unm\u00f6glich. Wer in ein Flugzeug steigt oder eine sonstige Reise antritt, muss mit einer meist zweiw\u00f6chigen Quarant\u00e4ne rechnen &#8211; falls die Einreise in das Zielland \u00fcberhaupt gestattet wird. Um die Ausbreitung des Coronavirus einzud\u00e4mmen haben zahlreiche L\u00e4nder Einreiseverbote f\u00fcr Touristen und sonstige Reisende erlassen. Solange die Coronakrise nicht einged\u00e4mmt wird, wird dazu geraten, nicht unbedingt notwendiges Reisen zu unterlassen. Der Flugverkehr wurde weltweit enorm eingeschr\u00e4nkt und nahezu alle Fluglinien haben ihre Anzahl an Fl\u00fcgen drastisch reduziert. Vor allem Risikogruppen sollten auf das Reisen angesichts der Coronakrise m\u00f6glichst verzichten. Jene, die dennoch in ein Flugzeug steigen und ins Ausland reisen wollen, m\u00fcssen auf unbestimmte Zeit damit rechnen, sich im Zielland in Quarant\u00e4ne begeben zu m\u00fcssen. Sollte bei dir demn\u00e4chst eine Flugreise anstehen, solltest du unbedingt ein Auge auf die neuesten Meldungen des Au\u00dfenministeriums werfen und dich \u00fcber die aktuellen Bestimmungen im Zielland informieren.[\/vc_column_text][vc_column_text][\/vc_column_text][vc_column_text]<\/p>\n<h2>Fliegen trotz Coronavirus-Krise: Wann kann man wieder ins Ausland reisen?<\/h2>\n<p>Grenzkontrollen, Kontaktsperren und Reisewarnungen machen es nahezu unm\u00f6glich, uneingeschr\u00e4nkt zu verreisen. Keiner, wei\u00df so genau, wann es endlich wieder m\u00f6glich sein wird, ohne Einschr\u00e4nkungen ins Ausland fliegen zu k\u00f6nnen. Ein mehr oder weniger normales Reisen k\u00f6nnte aber schon im Sommer wieder m\u00f6glich sein &#8211; allerdings aller Wahrscheinlichkeit nach mit Mund- und Nasenschutz und gr\u00f6\u00dftm\u00f6glicher Distanz. Zu welchem Zeitpunkt die weltweite Reisewarnung aufgehoben wird, ist nach wie vor unklar. W\u00e4hrend Frankreichs Pr\u00e4sident Emmanuel Macron davon ausgeht, dass Reisen erst wieder ab September erlaubt sein werden, sind andere L\u00e4nder durchaus optimistischer was die Wiederbelebung des Tourismus betrifft.<\/p>\n<p>M\u00f6glich ist folgendes Szenario: Jene internationale Staaten, die nur noch sehr niedrige COVID-19 Ansteckungszahlen aufweisen, k\u00f6nnten schon bald wieder ihre Grenzen zueinander \u00f6ffnen. Zun\u00e4chst d\u00fcrfte dies auf L\u00e4nder innerhalb Europas zutreffen. Schritt f\u00fcr Schritt sollten dann auch wieder Reisen ins bzw. aus dem EU-Ausland m\u00f6glich sein. Solange es keinen Impfstoff gegen das Coronavirus gibt, wird der weltweite Reiseverkehr aber mit mehr oder weniger gro\u00dfen Einschr\u00e4nkungen verbunden sein.<br \/>\nEines ist sicher: Der Tourismus und Flugverkehr wird schon bald wieder schrittweise zur\u00fcckkehren. Solltest du in n\u00e4chster Zeit verreisen wollen, solltest du aber mit Quarant\u00e4nema\u00dfnahmen rechnen. Informiere dich daher vor deiner Reise \u00fcber die jeweiligen l\u00e4nderspezifischen Ma\u00dfnahmen und Bestimmungen.<br \/>\nPr\u00fcfe unter anderem auch, ob touristische Sehensw\u00fcrdigkeiten zug\u00e4nglich sind, Restaurantbesuche m\u00f6glich sind und es erlaubt ist, an den Strand zu gehen oder den Pool zu nutzen.<br \/>\nAbgesehen davon, solltest du auch immer einen Blick auf das Flugangebot werfen. Schlie\u00dflich k\u00f6nnen Fl\u00fcge angesichts der andauernden Coronakrise auch kurzfristig gestrichen werden. Wenn deine Flugreise erst in einigen Wochen oder Monaten ansteht, solltest du abwarten und schauen, ob sich die Situation bis dahin etwas beruhigt.[\/vc_column_text][vc_column_text][\/vc_column_text][vc_video link=&#8220;https:\/\/youtu.be\/1kj2FFeqnQY&#8220;][vc_column_text]<\/p>\n<h2>Reisewarnungen: Einreiseverbote und Beschr\u00e4nkungen zahlreicher L\u00e4nder<\/h2>\n<p>Touristische Reisen sind derzeit aufgrund der andauernden Coronavirus-Krise so gut wie unm\u00f6glich. Zahlreiche L\u00e4nder haben Einreiseverbote und Beschr\u00e4nkungen erlassen, die Reisen nur unter bestimmten Bedingungen und dringendem Grund zulassen. Auch wenn die ausgesprochenen Reisewarnungen nicht als Reiseverbote zu verstehen sind, sind Flugreisen aktuell kaum m\u00f6glich. Die Lage kann sich nat\u00fcrlich schnell \u00e4ndern, weshalb wir empfehlen, stets einen Blick auf die Reisewarnungen des Au\u00dfenministeriums zu werfen.<\/p><div class=\"iyqph69f40c999f43f\" ><ins class=\"adsbygoogle\"\n     style=\"display:block; text-align:center;\"\n     data-ad-layout=\"in-article\"\n     data-ad-format=\"fluid\"\n     data-ad-client=\"ca-pub-3990851190258371\"\n     data-ad-slot=\"4597834410\"><\/ins>\n<script>\n     (adsbygoogle = window.adsbygoogle || []).push({});\n<\/script><\/div><style type=\"text\/css\">\r\n@media screen and (min-width: 1201px) {\r\n.iyqph69f40c999f43f {\r\ndisplay: block;\r\n}\r\n}\r\n@media screen and (min-width: 993px) and (max-width: 1200px) {\r\n.iyqph69f40c999f43f {\r\ndisplay: block;\r\n}\r\n}\r\n@media screen and (min-width: 769px) and (max-width: 992px) {\r\n.iyqph69f40c999f43f {\r\ndisplay: block;\r\n}\r\n}\r\n@media screen and (min-width: 768px) and (max-width: 768px) {\r\n.iyqph69f40c999f43f {\r\ndisplay: block;\r\n}\r\n}\r\n@media screen and (max-width: 767px) {\r\n.iyqph69f40c999f43f {\r\ndisplay: block;\r\n}\r\n}\r\n<\/style>\r\n\n<h3>Europ\u00e4ische Union<\/h3>\n<p>Alle EU-Mitgliedstaaten haben wegen der Coronavirus-Pandemie ihre Grenzen geschlossen. Grenz\u00fcbertritte und Reisen sind voraussichtlich bis Mitte Mai nur eingeschr\u00e4nkt m\u00f6glich. Der gesamte freie Reiseverkehr ist bis auf weiteres suspendiert.<br \/>\nEine gleichzeitige Aufhebung aller Ma\u00dfnahmen im Zuge von COVID-19 wird es h\u00f6chstwahrscheinlich nicht in allen Schengenl\u00e4ndern gleichzeitig geben. Zu erwarten ist ein schrittweises Vorgehen. Zu erwarten ist, dass etwa Nachbarstaaten ihre Reisebeschr\u00e4nkungen zueinander aufheben oder jene L\u00e4nder Ein- und Ausreisen erlauben, in denen sich die Verbreitung des Coronavirus auf einem vergleichbar niedrigem Niveau befindet. Bei besonders stark von COVID-19 betroffenen L\u00e4ndern, wie zum Beispiel Italien, Spanien und Frankreich ist mit keiner baldigen Grenz\u00f6ffnung f\u00fcr Reisende zu rechnen.<\/p>\n<h3>USA<\/h3>\n<p>F\u00fcr die USA gilt seit 13. M\u00e4rz ein Einreiseverbot f\u00fcr all jene Personen, die sich 14 Tage vor der Einreise in die USA in Deutschland, \u00d6sterreich, der Schweiz und anderen Schengenstaaten sowie China und dem Iran aufgehalten haben. Ausgenommen von diesem Einreiseverbot sind US-Staatsb\u00fcrger, Greencard-Inhaber, nahe Verwandte von US-Staatsb\u00fcrgern, Diplomaten, Mitarbeiter internationaler Organisationen sowie weitere einzelfallbezogene Ausnahmen. Wann eine uneingeschr\u00e4nkte Einreise in die USA wieder m\u00f6glich sein wird, ist derzeit ungewiss.<br \/>\nSolltest du dich gerade in den USA aufhalten oder eine Reise in die USA planen, solltest du Reisen innerhalb des Landes m\u00f6glichst verzichten und die entsprechenden Reisebeschr\u00e4nkungen beachten. Achte au\u00dferdem vor Ort auf Hinweise der US-Beh\u00f6rden und befolge deren Anweisungen.<\/p>\n<p>[\/vc_column_text][vc_column_text]<\/p>\n<h3>Dubai &#8211; Vereinigte Arabische Emirate<\/h3>\n<p>Wer demn\u00e4chst nach Dubai fliegen m\u00f6chte, sollte sich das aufgrund der andauernden Corona-Krise lieber \u00fcberlegen. Seit dem 19. M\u00e4rz gilt in den VAE ein Einreisestopp f\u00fcr alle Nationalit\u00e4ten. Auch &#8222;Residents&#8220; und Inhaber von Langfristvisa k\u00f6nnen derzeit nicht in die Vereinigten Arabischen Emirate einreisen. Der Transitverkehr ist bis auf weiteres eingestellt. Zu erwarten ist aber, dass sich die Lage bis Ende Juni entspannen d\u00fcrfte.\u00a0 Wer sich aktuell touristisch in Dubai, Abu Dhabi oder einem sonstigen Emirat aufh\u00e4lt, sollte unbedingt einige der derzeit verf\u00fcgbaren R\u00fcckflugm\u00f6glichkeiten nutzen, um nach Hause zur\u00fcckzukehren.<\/p>\n<h3>Australien<\/h3>\n<p>F\u00fcr alle ausl\u00e4ndischen Reisenden ohne st\u00e4ndigen Aufenthaltstitel gilt seit dem 20. M\u00e4rz ein Einreiseverbot nach Australien. Personen mit einer Aufenthaltserlaubnis in Australien sowie deren unmittelbare Familienangeh\u00f6rige sind vom Einreiseverbot ausgenommen. Bei der Einreise m\u00fcssen sich diese Personen aber in eine 14-t\u00e4gige Selbstisolation begeben. Auch der Transit ist nur in Ausnahmef\u00e4llen m\u00f6glich. Wie lange die Einschr\u00e4nkungen wegen der Coronavirus-Krise in Australien andauern, ist noch unklar.<\/p>\n<h3>COVID-19 Aktuelle Reisewarnungen und Beschr\u00e4nkungen<\/h3>\n<p>Auf der IATA Travel Centre Website findest du alle Updates zu aktuellen Reisebeschr\u00e4nkungen aller L\u00e4nder.<\/p><div class=\"ijueq69f40c999f464\" ><!-- FlightradarX_Banner -->\n<ins class=\"adsbygoogle\"\n     style=\"display:block\"\n     data-ad-client=\"ca-pub-3990851190258371\"\n     data-ad-slot=\"6169152562\"\n     data-ad-format=\"auto\"\n     data-full-width-responsive=\"true\"><\/ins>\n<script>\n     (adsbygoogle = window.adsbygoogle || []).push({});\n<\/script><\/div><style type=\"text\/css\">\r\n@media screen and (min-width: 1201px) {\r\n.ijueq69f40c999f464 {\r\ndisplay: block;\r\n}\r\n}\r\n@media screen and (min-width: 993px) and (max-width: 1200px) {\r\n.ijueq69f40c999f464 {\r\ndisplay: block;\r\n}\r\n}\r\n@media screen and (min-width: 769px) and (max-width: 992px) {\r\n.ijueq69f40c999f464 {\r\ndisplay: block;\r\n}\r\n}\r\n@media screen and (min-width: 768px) and (max-width: 768px) {\r\n.ijueq69f40c999f464 {\r\ndisplay: block;\r\n}\r\n}\r\n@media screen and (max-width: 767px) {\r\n.ijueq69f40c999f464 {\r\ndisplay: block;\r\n}\r\n}\r\n<\/style>\r\n\n<p><a href=\"https:\/\/www.iatatravelcentre.com\/international-travel-document-news\/1580226297.htm\" target=\"_blank\" rel=\"noopener noreferrer\">Klicke hier und erhalte aktuelle Infos zu allen weltweiten Reisebeschr\u00e4nkungen<\/a>[\/vc_column_text][\/vc_column][\/vc_row]<\/p>\n<\/section><div class=\"gsopz69f40c999f450\" ><ins class=\"adsbygoogle\"\n     style=\"display:block; text-align:center;\"\n     data-ad-layout=\"in-article\"\n     data-ad-format=\"fluid\"\n     data-ad-client=\"ca-pub-3990851190258371\"\n     data-ad-slot=\"4597834410\"><\/ins>\n<script>\n     (adsbygoogle = window.adsbygoogle || []).push({});\n<\/script><\/div><style type=\"text\/css\">\r\n@media screen and (min-width: 1201px) {\r\n.gsopz69f40c999f450 {\r\ndisplay: block;\r\n}\r\n}\r\n@media screen and (min-width: 993px) and (max-width: 1200px) {\r\n.gsopz69f40c999f450 {\r\ndisplay: block;\r\n}\r\n}\r\n@media screen and (min-width: 769px) and (max-width: 992px) {\r\n.gsopz69f40c999f450 {\r\ndisplay: block;\r\n}\r\n}\r\n@media screen and (min-width: 768px) and (max-width: 768px) {\r\n.gsopz69f40c999f450 {\r\ndisplay: block;\r\n}\r\n}\r\n@media screen and (max-width: 767px) {\r\n.gsopz69f40c999f450 {\r\ndisplay: block;\r\n}\r\n}\r\n<\/style>\r\n","protected":false},"excerpt":{"rendered":"<p>[vc_row][vc_column][vc_column_text]Soll ich meinen Urlaub aufgrund der andauernden Coronavirus Krise stornieren? Wann ist es wieder m\u00f6glich innerhalb von Europa oder in die USA zu fliegen? Wird es diesen Sommer \u00fcberhaupt m\u00f6glich &#8230;<\/p>\n","protected":false},"author":1,"featured_media":0,"comment_status":"closed","ping_status":"closed","sticky":false,"template":"","format":"standard","meta":{"footnotes":""},"categories":[34],"tags":[],"class_list":["post-1100","post","type-post","status-publish","format-standard","hentry","category-news-de"],"yoast_head":"<!-- This site is optimized with the Yoast SEO plugin v21.5 - https:\/\/yoast.com\/wordpress\/plugins\/seo\/ -->\n<title>Coronavirus &amp; Reisen: Ab wann kann man wieder fliegen?<\/title>\n<meta name=\"description\" content=\"\u2705Coronavirus &amp; Reisen: Wann kann man wieder innerhalb von Europa verreisen oder ins EU-Ausland fliegen? \u2705Aktuelle Corona Reise und Flug News\" \/>\n<meta name=\"robots\" content=\"index, follow, max-snippet:-1, max-image-preview:large, max-video-preview:-1\" \/>\n<link rel=\"canonical\" href=\"https:\/\/www.flightradarx.com\/de\/coronavirus-flugreisen\/\" \/>\n<meta property=\"og:locale\" content=\"de_DE\" \/>\n<meta property=\"og:type\" content=\"article\" \/>\n<meta property=\"og:title\" content=\"Coronavirus &amp; Reisen: Ab wann kann man wieder fliegen?\" \/>\n<meta property=\"og:description\" content=\"\u2705Coronavirus &amp; Reisen: Wann kann man wieder innerhalb von Europa verreisen oder ins EU-Ausland fliegen? \u2705Aktuelle Corona Reise und Flug News\" \/>\n<meta property=\"og:url\" content=\"https:\/\/www.flightradarx.com\/de\/coronavirus-flugreisen\/\" \/>\n<meta property=\"og:site_name\" content=\"Flight Radar\" \/>\n<meta property=\"article:published_time\" content=\"2020-04-25T11:59:40+00:00\" \/>\n<meta property=\"article:modified_time\" content=\"2020-07-06T22:04:59+00:00\" \/>\n<meta name=\"author\" content=\"frx\" \/>\n<meta name=\"twitter:card\" content=\"summary_large_image\" \/>\n<meta name=\"twitter:label1\" content=\"Verfasst von\" \/>\n\t<meta name=\"twitter:data1\" content=\"frx\" \/>\n\t<meta name=\"twitter:label2\" content=\"Gesch\u00e4tzte Lesezeit\" \/>\n\t<meta name=\"twitter:data2\" content=\"6\u00a0Minuten\" \/>\n<script type=\"application\/ld+json\" class=\"yoast-schema-graph\">{\"@context\":\"https:\/\/schema.org\",\"@graph\":[{\"@type\":\"Article\",\"@id\":\"https:\/\/www.flightradarx.com\/de\/coronavirus-flugreisen\/#article\",\"isPartOf\":{\"@id\":\"https:\/\/www.flightradarx.com\/de\/coronavirus-flugreisen\/\"},\"author\":{\"name\":\"frx\",\"@id\":\"https:\/\/www.flightradarx.com\/de\/#\/schema\/person\/c0790d4e4937591ff130a2a341a98857\"},\"headline\":\"Coronavirus &#038; Reisen: Ab wann kann man wieder fliegen?\",\"datePublished\":\"2020-04-25T11:59:40+00:00\",\"dateModified\":\"2020-07-06T22:04:59+00:00\",\"mainEntityOfPage\":{\"@id\":\"https:\/\/www.flightradarx.com\/de\/coronavirus-flugreisen\/\"},\"wordCount\":1162,\"publisher\":{\"@id\":\"https:\/\/www.flightradarx.com\/de\/#organization\"},\"articleSection\":[\"News\"],\"inLanguage\":\"de\"},{\"@type\":\"WebPage\",\"@id\":\"https:\/\/www.flightradarx.com\/de\/coronavirus-flugreisen\/\",\"url\":\"https:\/\/www.flightradarx.com\/de\/coronavirus-flugreisen\/\",\"name\":\"Coronavirus & Reisen: Ab wann kann man wieder fliegen?\",\"isPartOf\":{\"@id\":\"https:\/\/www.flightradarx.com\/de\/#website\"},\"datePublished\":\"2020-04-25T11:59:40+00:00\",\"dateModified\":\"2020-07-06T22:04:59+00:00\",\"description\":\"\u2705Coronavirus & Reisen: Wann kann man wieder innerhalb von Europa verreisen oder ins EU-Ausland fliegen? \u2705Aktuelle Corona Reise und Flug News\",\"breadcrumb\":{\"@id\":\"https:\/\/www.flightradarx.com\/de\/coronavirus-flugreisen\/#breadcrumb\"},\"inLanguage\":\"de\",\"potentialAction\":[{\"@type\":\"ReadAction\",\"target\":[\"https:\/\/www.flightradarx.com\/de\/coronavirus-flugreisen\/\"]}]},{\"@type\":\"BreadcrumbList\",\"@id\":\"https:\/\/www.flightradarx.com\/de\/coronavirus-flugreisen\/#breadcrumb\",\"itemListElement\":[{\"@type\":\"ListItem\",\"position\":1,\"name\":\"Home\",\"item\":\"https:\/\/www.flightradarx.com\/de\/\"},{\"@type\":\"ListItem\",\"position\":2,\"name\":\"Coronavirus &#038; Reisen: Ab wann kann man wieder fliegen?\"}]},{\"@type\":\"WebSite\",\"@id\":\"https:\/\/www.flightradarx.com\/de\/#website\",\"url\":\"https:\/\/www.flightradarx.com\/de\/\",\"name\":\"Flight Radar\",\"description\":\".\",\"publisher\":{\"@id\":\"https:\/\/www.flightradarx.com\/de\/#organization\"},\"potentialAction\":[{\"@type\":\"SearchAction\",\"target\":{\"@type\":\"EntryPoint\",\"urlTemplate\":\"https:\/\/www.flightradarx.com\/de\/?s={search_term_string}\"},\"query-input\":\"required name=search_term_string\"}],\"inLanguage\":\"de\"},{\"@type\":\"Organization\",\"@id\":\"https:\/\/www.flightradarx.com\/de\/#organization\",\"name\":\"Flight Radar\",\"url\":\"https:\/\/www.flightradarx.com\/de\/\",\"logo\":{\"@type\":\"ImageObject\",\"inLanguage\":\"de\",\"@id\":\"https:\/\/www.flightradarx.com\/de\/#\/schema\/logo\/image\/\",\"url\":\"https:\/\/www.flightradarx.com\/wp-content\/uploads\/2018\/10\/logo.png\",\"contentUrl\":\"https:\/\/www.flightradarx.com\/wp-content\/uploads\/2018\/10\/logo.png\",\"width\":440,\"height\":110,\"caption\":\"Flight Radar\"},\"image\":{\"@id\":\"https:\/\/www.flightradarx.com\/de\/#\/schema\/logo\/image\/\"}},{\"@type\":\"Person\",\"@id\":\"https:\/\/www.flightradarx.com\/de\/#\/schema\/person\/c0790d4e4937591ff130a2a341a98857\",\"name\":\"frx\"}]}<\/script>\n<!-- \/ Yoast SEO plugin. -->","yoast_head_json":{"title":"Coronavirus & Reisen: Ab wann kann man wieder fliegen?","description":"\u2705Coronavirus & Reisen: Wann kann man wieder innerhalb von Europa verreisen oder ins EU-Ausland fliegen? \u2705Aktuelle Corona Reise und Flug News","robots":{"index":"index","follow":"follow","max-snippet":"max-snippet:-1","max-image-preview":"max-image-preview:large","max-video-preview":"max-video-preview:-1"},"canonical":"https:\/\/www.flightradarx.com\/de\/coronavirus-flugreisen\/","og_locale":"de_DE","og_type":"article","og_title":"Coronavirus & Reisen: Ab wann kann man wieder fliegen?","og_description":"\u2705Coronavirus & Reisen: Wann kann man wieder innerhalb von Europa verreisen oder ins EU-Ausland fliegen? \u2705Aktuelle Corona Reise und Flug News","og_url":"https:\/\/www.flightradarx.com\/de\/coronavirus-flugreisen\/","og_site_name":"Flight Radar","article_published_time":"2020-04-25T11:59:40+00:00","article_modified_time":"2020-07-06T22:04:59+00:00","author":"frx","twitter_card":"summary_large_image","twitter_misc":{"Verfasst von":"frx","Gesch\u00e4tzte Lesezeit":"6\u00a0Minuten"},"schema":{"@context":"https:\/\/schema.org","@graph":[{"@type":"Article","@id":"https:\/\/www.flightradarx.com\/de\/coronavirus-flugreisen\/#article","isPartOf":{"@id":"https:\/\/www.flightradarx.com\/de\/coronavirus-flugreisen\/"},"author":{"name":"frx","@id":"https:\/\/www.flightradarx.com\/de\/#\/schema\/person\/c0790d4e4937591ff130a2a341a98857"},"headline":"Coronavirus &#038; Reisen: Ab wann kann man wieder fliegen?","datePublished":"2020-04-25T11:59:40+00:00","dateModified":"2020-07-06T22:04:59+00:00","mainEntityOfPage":{"@id":"https:\/\/www.flightradarx.com\/de\/coronavirus-flugreisen\/"},"wordCount":1162,"publisher":{"@id":"https:\/\/www.flightradarx.com\/de\/#organization"},"articleSection":["News"],"inLanguage":"de"},{"@type":"WebPage","@id":"https:\/\/www.flightradarx.com\/de\/coronavirus-flugreisen\/","url":"https:\/\/www.flightradarx.com\/de\/coronavirus-flugreisen\/","name":"Coronavirus & Reisen: Ab wann kann man wieder fliegen?","isPartOf":{"@id":"https:\/\/www.flightradarx.com\/de\/#website"},"datePublished":"2020-04-25T11:59:40+00:00","dateModified":"2020-07-06T22:04:59+00:00","description":"\u2705Coronavirus & Reisen: Wann kann man wieder innerhalb von Europa verreisen oder ins EU-Ausland fliegen? \u2705Aktuelle Corona Reise und Flug News","breadcrumb":{"@id":"https:\/\/www.flightradarx.com\/de\/coronavirus-flugreisen\/#breadcrumb"},"inLanguage":"de","potentialAction":[{"@type":"ReadAction","target":["https:\/\/www.flightradarx.com\/de\/coronavirus-flugreisen\/"]}]},{"@type":"BreadcrumbList","@id":"https:\/\/www.flightradarx.com\/de\/coronavirus-flugreisen\/#breadcrumb","itemListElement":[{"@type":"ListItem","position":1,"name":"Home","item":"https:\/\/www.flightradarx.com\/de\/"},{"@type":"ListItem","position":2,"name":"Coronavirus &#038; Reisen: Ab wann kann man wieder fliegen?"}]},{"@type":"WebSite","@id":"https:\/\/www.flightradarx.com\/de\/#website","url":"https:\/\/www.flightradarx.com\/de\/","name":"Flight Radar","description":".","publisher":{"@id":"https:\/\/www.flightradarx.com\/de\/#organization"},"potentialAction":[{"@type":"SearchAction","target":{"@type":"EntryPoint","urlTemplate":"https:\/\/www.flightradarx.com\/de\/?s={search_term_string}"},"query-input":"required name=search_term_string"}],"inLanguage":"de"},{"@type":"Organization","@id":"https:\/\/www.flightradarx.com\/de\/#organization","name":"Flight Radar","url":"https:\/\/www.flightradarx.com\/de\/","logo":{"@type":"ImageObject","inLanguage":"de","@id":"https:\/\/www.flightradarx.com\/de\/#\/schema\/logo\/image\/","url":"https:\/\/www.flightradarx.com\/wp-content\/uploads\/2018\/10\/logo.png","contentUrl":"https:\/\/www.flightradarx.com\/wp-content\/uploads\/2018\/10\/logo.png","width":440,"height":110,"caption":"Flight Radar"},"image":{"@id":"https:\/\/www.flightradarx.com\/de\/#\/schema\/logo\/image\/"}},{"@type":"Person","@id":"https:\/\/www.flightradarx.com\/de\/#\/schema\/person\/c0790d4e4937591ff130a2a341a98857","name":"frx"}]}},"_links":{"self":[{"href":"https:\/\/www.flightradarx.com\/de\/wp-json\/wp\/v2\/posts\/1100","targetHints":{"allow":["GET"]}}],"collection":[{"href":"https:\/\/www.flightradarx.com\/de\/wp-json\/wp\/v2\/posts"}],"about":[{"href":"https:\/\/www.flightradarx.com\/de\/wp-json\/wp\/v2\/types\/post"}],"author":[{"embeddable":true,"href":"https:\/\/www.flightradarx.com\/de\/wp-json\/wp\/v2\/users\/1"}],"replies":[{"embeddable":true,"href":"https:\/\/www.flightradarx.com\/de\/wp-json\/wp\/v2\/comments?post=1100"}],"version-history":[{"count":8,"href":"https:\/\/www.flightradarx.com\/de\/wp-json\/wp\/v2\/posts\/1100\/revisions"}],"predecessor-version":[{"id":1241,"href":"https:\/\/www.flightradarx.com\/de\/wp-json\/wp\/v2\/posts\/1100\/revisions\/1241"}],"wp:attachment":[{"href":"https:\/\/www.flightradarx.com\/de\/wp-json\/wp\/v2\/media?parent=1100"}],"wp:term":[{"taxonomy":"category","embeddable":true,"href":"https:\/\/www.flightradarx.com\/de\/wp-json\/wp\/v2\/categories?post=1100"},{"taxonomy":"post_tag","embeddable":true,"href":"https:\/\/www.flightradarx.com\/de\/wp-json\/wp\/v2\/tags?post=1100"}],"curies":[{"name":"wp","href":"https:\/\/api.w.org\/{rel}","templated":true}]}}